{"id":1759,"date":"2022-11-25T11:24:25","date_gmt":"2022-11-25T10:24:25","guid":{"rendered":"https:\/\/coldwarmuseum.de\/?p=1759"},"modified":"2022-11-25T12:23:57","modified_gmt":"2022-11-25T11:23:57","slug":"opening-des-neuen-cold-war-museum-berlin","status":"publish","type":"post","link":"https:\/\/coldwarmuseum.de\/es\/inauguracion-del-nuevo-museo-de-la-guerra-fria-de-berlin\/","title":{"rendered":"Inauguraci\u00f3n del nuevo MUSEO DE LA GUERRA FR\u00cdA de Berl\u00edn"},"content":{"rendered":"<p>S\u00e1bado 26 de noviembre de 2022 a las 10.00 h.<br>La alcaldesa de Berl\u00edn, Franziska Giffey, inaugura el MUSEO DE LA GUERRA FR\u00cdA de Berl\u00edn<br>Oportunidad para la prensa y las fotos de la inauguraci\u00f3n oficial por parte del alcalde gobernante el 26 de noviembre a las 16.00 horas.<\/p>\n\n\n\n<p>3-2-1-Go: El MUSEO DE LA GUERRA FR\u00cdA de Berl\u00edn dar\u00e1 la bienvenida a sus primeros visitantes el s\u00e1bado 26 de noviembre de 2022 a las 10 de la ma\u00f1ana. La alcaldesa de Berl\u00edn, Franziska Giffey, inaugurar\u00e1 oficialmente el primer museo de Alemania sobre la \u00e9poca de la Guerra Fr\u00eda el s\u00e1bado a las 16.00 horas.<\/p>\n\n\n\n<p>El MUSEO DE LA GUERRA FR\u00cdA de Berl\u00edn sorprende como Museo 4.0 con aplicaciones interactivas y virtuales, con exposiciones exclusivas y el dise\u00f1o vanguardista del renombrado arquitecto Sergei Tchoban. Situado en el animado bulevar Unter den Linden, tiende un puente entre el Foro Humboldt, la Isla de los Museos y la Puerta de Brandemburgo.<\/p>\n\n\n\n<p>Un simb\u00f3lico Tel\u00f3n de Acero da la bienvenida a los visitantes en el vest\u00edbulo, espectacularmente perforado con retratos de los pol\u00edticos que participaron activamente en la Guerra Fr\u00eda: Harry S. Truman, Josef Stalin, Winston Churchill, Nikita Jruschov, Mijail Gorbachov y Helmut Kohl. Una obra de la artista ucraniana Vanda Sakhatskaya.<\/p>\n\n\n\n<p>Sobre las cabezas de los visitantes planea un misil Dvina S-75 original, que fue desarrollado por la Uni\u00f3n Sovi\u00e9tica en la d\u00e9cada de 1950 y sigue siendo uno de los sistemas de defensa a\u00e9rea m\u00e1s utilizados en el mundo. Un Dvina S-75 fue utilizado para derribar un avi\u00f3n esp\u00eda estadounidense U- 2 sobre la Uni\u00f3n Sovi\u00e9tica el 1 de mayo de 1960. El piloto Francis Gary Powers sobrevivi\u00f3, fue capturado y posteriormente intercambiado en el \"puente de los esp\u00edas\", el puente de Glienicke.<\/p>\n\n\n\n<p>En exposici\u00f3n - suspendida entre las dos plantas del museo - se encuentra una r\u00e9plica de la bomba at\u00f3mica \"Fat Man\" que cay\u00f3 sobre la ciudad japonesa de Nagasaki el 9 de agosto de 1945.<\/p>\n\n\n\n<p>Otras exhibiciones espectaculares: una r\u00e9plica del sat\u00e9lite sovi\u00e9tico Sputnik 1 o la aut\u00e9ntica palanca de control del cohete Apolo utilizada en la misi\u00f3n Apolo-Soyuz de julio de 1975. En aquella ocasi\u00f3n, un estadounidense y un ruso se dieron la mano en el espacio. Un momento hist\u00f3rico que acerc\u00f3 a ambos pa\u00edses a la historia durante un abrir y cerrar de ojos.<\/p>\n\n\n\n<p>Podr\u00e1 maravillarse con el \"tel\u00e9fono rojo\" original que (ayud\u00f3) a asegurar la fr\u00e1gil paz entre Oriente y Occidente. Tambi\u00e9n se presenta la \"antorcha\" de los Juegos Ol\u00edmpicos de Munich de 1972, as\u00ed como trajes espaciales de Oriente y Occidente.<\/p>\n\n\n\n<p>Los visitantes experimentan la historia de la Guerra Fr\u00eda en numerosos monitores en los que pueden consultar material documental contempor\u00e1neo, fotos, animaciones y v\u00eddeos de testigos presenciales. Los visitantes navegan por la casa con su smartphone. La audiogu\u00eda puede activarse mediante un c\u00f3digo QR.<\/p>\n\n\n\n<p>Las gafas de realidad virtual dan vida a un momento ic\u00f3nico de la historia. El salto a la libertad del polic\u00eda de la RDA Conrad Schumann el 15 de agosto de 1961, capturado para la eternidad por el fot\u00f3grafo Peter Leibing. La instalaci\u00f3n de realidad virtual de Boris Hars-Tschachotin muestra el salto de Schumann sobre el alambre de espino desde tres perspectivas diferentes.<\/p>\n\n\n\n<p>El objetivo del MUSEO DE LA GUERRA FR\u00cdA de Berl\u00edn es atraer tanto a los j\u00f3venes, que conocen la Guerra Fr\u00eda como mucho por las clases de historia, como a las personas mayores que han vivido personalmente esta \u00e9poca. Carsten Kollmeier, fundador y director general: \"Nos encantar\u00eda que los nietos llevaran de la mano a sus abuelos para visitar nuestro museo y sumergirse juntos en esta \u00e9poca.<\/p>\n\n\n\n<p>El MUSEO DE LA GUERRA FR\u00cdA de Berl\u00edn se ve a s\u00ed mismo como una plataforma para la historia de la Guerra Fr\u00eda. Carsten Kollmeier: \"Contamos este complejo de temas de m\u00faltiples capas bas\u00e1ndonos en hechos y en la ciencia. Queremos despertar el inter\u00e9s de nuestros invitados nacionales e internacionales por este apasionante cap\u00edtulo de la historia. Queremos motivar a nuestros visitantes para que profundicen\".<\/p>\n\n\n\n<p>El comit\u00e9 cient\u00edfico asesor est\u00e1 presidido por el Prof. Dr. Bernd St\u00f6ver, historiador y catedr\u00e1tico de historia internacional de la Universidad de Potsdam, experto de renombre internacional en la \u00e9poca de la Guerra Fr\u00eda y autor de numerosos libros. El comit\u00e9 de alto calibre incluye a los ex alcaldes de Berl\u00edn Eberhard Diepgen y Walter Momper, ambos testigos contempor\u00e1neos de la Guerra Fr\u00eda.<\/p>\n\n\n\n<p>Los berlineses tienen entrada gratuita el s\u00e1bado 26 y el domingo 27 de noviembre. Las entradas para la franja horaria est\u00e1n disponibles exclusivamente a trav\u00e9s de la p\u00e1gina web.<\/p>\n\n\n\n<pre class=\"wp-block-preformatted\">Inauguraci\u00f3n: 26 de noviembre de 2022 - 10 a.m.\nUbicaci\u00f3n: Berl\u00edn - Unter den Linden 14\n<\/pre>\n\n\n\n<p>Horario de apertura: Diario 10:00 - 20:00<br>Entradas y m\u00e1s informaci\u00f3n: <a href=\"https:\/\/coldwarmuseum.de\/es\/\">www.coldwarmuseum.de<\/a><\/p>\n\n\n\n<p>Las im\u00e1genes para descargar est\u00e1n disponibles <a href=\"https:\/\/coldwarmuseum.de\/es\/pulse\/\">aqu\u00ed<\/a><\/p>\n\n\n\n<p>Sesi\u00f3n de prensa y fotos el<br>26 de noviembre | 16 h | Unter den Linden 14 | 10117 Berl\u00edn<\/p>\n\n\n\n<p>Estimados representantes de los medios de comunicaci\u00f3n,<br>El primer museo de Alemania sobre la Guerra Fr\u00eda abre sus puertas a los visitantes el pr\u00f3ximo s\u00e1bado 26 de noviembre. La alcaldesa de Berl\u00edn, Franziska Giffey, lo inaugurar\u00e1 oficialmente.<br>Le invitamos cordialmente a la sesi\u00f3n de prensa y fotos a las 16.00 horas. Estaremos encantados de contar con su participaci\u00f3n.<\/p>\n\n\n\n<p>Por favor, inscr\u00edbase con el formulario de inscripci\u00f3n adjunto exclusivamente por correo electr\u00f3nico a: presse@coldwarmuseum.de<\/p>\n\n\n\n<p>Contactos de prensa:<br>Bettina Melzer | 030 - 915 613 57 | 0163 - 575 1343 | presse@coldwarmuseum.de Conrad Rausch | 030 - 915 613 57 | 0172 - 300 3380 | presse@coldwarmuseum.de<\/p>\n\n\n\n<p><a href=\"\/wp-content\/uploads\/20221126-CWM_COLD-WAR-MUSEUM_Berlin-Opening_26.11.2022_f.pdf\" target=\"_blank\" rel=\"noreferrer noopener\">Comunicado de prensa con formulario de contacto (PDF)<\/a><\/p>","protected":false},"excerpt":{"rendered":"<p>S\u00e1bado 26 de noviembre de 2022 a las 10.00 h.La alcaldesa de Berl\u00edn, Franziska Giffey, inaugura el MUSEO DE LA GUERRA FR\u00cdA de Berl\u00ednPrensa y sesi\u00f3n fotogr\u00e1fica para la inauguraci\u00f3n oficial por parte de la alcaldesa de Berl\u00edn el 26 de noviembre a las 16.00 h. 3-2-1-Go: El MUSEO DE LA GUERRA FR\u00cdA de Berl\u00edn dar\u00e1 la bienvenida a sus primeros visitantes el s\u00e1bado 26 de noviembre de 2022 a las 10.00 h.. El [...]<\/p>","protected":false},"author":1,"featured_media":0,"comment_status":"closed","ping_status":"closed","sticky":false,"template":"","format":"standard","meta":{"inline_featured_image":false,"footnotes":""},"categories":[3,12],"tags":[],"class_list":["post-1759","post","type-post","status-publish","format-standard","hentry","category-presse","category-presse-en"],"yoast_head":"<!-- This site is optimized with the Yoast SEO plugin v21.7 - https:\/\/yoast.com\/wordpress\/plugins\/seo\/ -->\n<title>Opening des neuen COLD WAR MUSEUM Berlin - COLD WAR MUSEUM Berlin<\/title>\n<meta name=\"robots\" content=\"index, follow, max-snippet:-1, max-image-preview:large, max-video-preview:-1\" \/>\n<link rel=\"canonical\" href=\"https:\/\/coldwarmuseum.de\/es\/inauguracion-del-nuevo-museo-de-la-guerra-fria-de-berlin\/\" \/>\n<meta property=\"og:locale\" content=\"es_ES\" \/>\n<meta property=\"og:type\" content=\"article\" \/>\n<meta property=\"og:title\" content=\"Opening des neuen COLD WAR MUSEUM Berlin - COLD WAR MUSEUM Berlin\" \/>\n<meta property=\"og:description\" content=\"Samstag, den 26. November 2022 um 10 UhrBerlins Regierende B\u00fcrgermeisterin Franziska Giffey er\u00f6ffnet das COLD WAR MUSEUM BerlinPresse- und Fototermin zur offiziellen Er\u00f6ffnung durch die Regierende B\u00fcrgermeisterin am 26. November um 16.00 Uhr 3-2-1-Go: Das COLD WAR MUSEUM Berlin empf\u00e4ngt am Samstag, den 26. November 2022, um 10 Uhr seine ersten Besucherinnen und Besucher. Berlins [&hellip;]\" \/>\n<meta property=\"og:url\" content=\"https:\/\/coldwarmuseum.de\/es\/inauguracion-del-nuevo-museo-de-la-guerra-fria-de-berlin\/\" \/>\n<meta property=\"og:site_name\" content=\"COLD WAR MUSEUM Berlin\" \/>\n<meta property=\"article:publisher\" content=\"https:\/\/www.facebook.com\/coldwarmuseum\" \/>\n<meta property=\"article:published_time\" content=\"2022-11-25T10:24:25+00:00\" \/>\n<meta property=\"article:modified_time\" content=\"2022-11-25T11:23:57+00:00\" \/>\n<meta name=\"author\" content=\"tarek\" \/>\n<meta name=\"twitter:card\" content=\"summary_large_image\" \/>\n<meta name=\"twitter:label1\" content=\"Escrito por\" \/>\n\t<meta name=\"twitter:data1\" content=\"tarek\" \/>\n\t<meta name=\"twitter:label2\" content=\"Tiempo de lectura\" \/>\n\t<meta name=\"twitter:data2\" content=\"5 minutos\" \/>\n<script type=\"application\/ld+json\" class=\"yoast-schema-graph\">{\"@context\":\"https:\/\/schema.org\",\"@graph\":[{\"@type\":\"Article\",\"@id\":\"https:\/\/coldwarmuseum.de\/opening-des-neuen-cold-war-museum-berlin\/#article\",\"isPartOf\":{\"@id\":\"https:\/\/coldwarmuseum.de\/opening-des-neuen-cold-war-museum-berlin\/\"},\"author\":{\"name\":\"tarek\",\"@id\":\"https:\/\/coldwarmuseum.de\/#\/schema\/person\/81fdd87451083922f22c21ec6a2c44ca\"},\"headline\":\"Opening des neuen COLD WAR MUSEUM Berlin\",\"datePublished\":\"2022-11-25T10:24:25+00:00\",\"dateModified\":\"2022-11-25T11:23:57+00:00\",\"mainEntityOfPage\":{\"@id\":\"https:\/\/coldwarmuseum.de\/opening-des-neuen-cold-war-museum-berlin\/\"},\"wordCount\":766,\"publisher\":{\"@id\":\"https:\/\/coldwarmuseum.de\/#organization\"},\"articleSection\":[\"Presse\",\"Presse\"],\"inLanguage\":\"es\"},{\"@type\":\"WebPage\",\"@id\":\"https:\/\/coldwarmuseum.de\/opening-des-neuen-cold-war-museum-berlin\/\",\"url\":\"https:\/\/coldwarmuseum.de\/opening-des-neuen-cold-war-museum-berlin\/\",\"name\":\"Opening des neuen COLD WAR MUSEUM Berlin - COLD WAR MUSEUM Berlin\",\"isPartOf\":{\"@id\":\"https:\/\/coldwarmuseum.de\/#website\"},\"datePublished\":\"2022-11-25T10:24:25+00:00\",\"dateModified\":\"2022-11-25T11:23:57+00:00\",\"breadcrumb\":{\"@id\":\"https:\/\/coldwarmuseum.de\/opening-des-neuen-cold-war-museum-berlin\/#breadcrumb\"},\"inLanguage\":\"es\",\"potentialAction\":[{\"@type\":\"ReadAction\",\"target\":[\"https:\/\/coldwarmuseum.de\/opening-des-neuen-cold-war-museum-berlin\/\"]}]},{\"@type\":\"BreadcrumbList\",\"@id\":\"https:\/\/coldwarmuseum.de\/opening-des-neuen-cold-war-museum-berlin\/#breadcrumb\",\"itemListElement\":[{\"@type\":\"ListItem\",\"position\":1,\"name\":\"Startseite\",\"item\":\"https:\/\/coldwarmuseum.de\/\"},{\"@type\":\"ListItem\",\"position\":2,\"name\":\"Opening des neuen COLD WAR MUSEUM Berlin\"}]},{\"@type\":\"WebSite\",\"@id\":\"https:\/\/coldwarmuseum.de\/#website\",\"url\":\"https:\/\/coldwarmuseum.de\/\",\"name\":\"COLD WAR MUSEUM Berlin\",\"description\":\"EXPERIENCE TWO SIDES OF THE SAME STORY.\",\"publisher\":{\"@id\":\"https:\/\/coldwarmuseum.de\/#organization\"},\"potentialAction\":[{\"@type\":\"SearchAction\",\"target\":{\"@type\":\"EntryPoint\",\"urlTemplate\":\"https:\/\/coldwarmuseum.de\/?s={search_term_string}\"},\"query-input\":\"required name=search_term_string\"}],\"inLanguage\":\"es\"},{\"@type\":\"Organization\",\"@id\":\"https:\/\/coldwarmuseum.de\/#organization\",\"name\":\"COLD WAR MUSEUM\",\"url\":\"https:\/\/coldwarmuseum.de\/\",\"logo\":{\"@type\":\"ImageObject\",\"inLanguage\":\"es\",\"@id\":\"https:\/\/coldwarmuseum.de\/#\/schema\/logo\/image\/\",\"url\":\"https:\/\/coldwarmuseum.de\/wp-content\/uploads\/ctmLogoDark.svg\",\"contentUrl\":\"https:\/\/coldwarmuseum.de\/wp-content\/uploads\/ctmLogoDark.svg\",\"width\":167,\"height\":63,\"caption\":\"COLD WAR MUSEUM\"},\"image\":{\"@id\":\"https:\/\/coldwarmuseum.de\/#\/schema\/logo\/image\/\"},\"sameAs\":[\"https:\/\/www.facebook.com\/coldwarmuseum\"]},{\"@type\":\"Person\",\"@id\":\"https:\/\/coldwarmuseum.de\/#\/schema\/person\/81fdd87451083922f22c21ec6a2c44ca\",\"name\":\"tarek\",\"sameAs\":[\"https:\/\/coldwarmuseum.de\"]}]}<\/script>\n<!-- \/ Yoast SEO plugin. -->","yoast_head_json":{"title":"Opening des neuen COLD WAR MUSEUM Berlin - COLD WAR MUSEUM Berlin","robots":{"index":"index","follow":"follow","max-snippet":"max-snippet:-1","max-image-preview":"max-image-preview:large","max-video-preview":"max-video-preview:-1"},"canonical":"https:\/\/coldwarmuseum.de\/es\/inauguracion-del-nuevo-museo-de-la-guerra-fria-de-berlin\/","og_locale":"es_ES","og_type":"article","og_title":"Opening des neuen COLD WAR MUSEUM Berlin - COLD WAR MUSEUM Berlin","og_description":"Samstag, den 26. November 2022 um 10 UhrBerlins Regierende B\u00fcrgermeisterin Franziska Giffey er\u00f6ffnet das COLD WAR MUSEUM BerlinPresse- und Fototermin zur offiziellen Er\u00f6ffnung durch die Regierende B\u00fcrgermeisterin am 26. November um 16.00 Uhr 3-2-1-Go: Das COLD WAR MUSEUM Berlin empf\u00e4ngt am Samstag, den 26. November 2022, um 10 Uhr seine ersten Besucherinnen und Besucher. Berlins [&hellip;]","og_url":"https:\/\/coldwarmuseum.de\/es\/inauguracion-del-nuevo-museo-de-la-guerra-fria-de-berlin\/","og_site_name":"COLD WAR MUSEUM Berlin","article_publisher":"https:\/\/www.facebook.com\/coldwarmuseum","article_published_time":"2022-11-25T10:24:25+00:00","article_modified_time":"2022-11-25T11:23:57+00:00","author":"tarek","twitter_card":"summary_large_image","twitter_misc":{"Escrito por":"tarek","Tiempo de lectura":"5 minutos"},"schema":{"@context":"https:\/\/schema.org","@graph":[{"@type":"Article","@id":"https:\/\/coldwarmuseum.de\/opening-des-neuen-cold-war-museum-berlin\/#article","isPartOf":{"@id":"https:\/\/coldwarmuseum.de\/opening-des-neuen-cold-war-museum-berlin\/"},"author":{"name":"tarek","@id":"https:\/\/coldwarmuseum.de\/#\/schema\/person\/81fdd87451083922f22c21ec6a2c44ca"},"headline":"Opening des neuen COLD WAR MUSEUM Berlin","datePublished":"2022-11-25T10:24:25+00:00","dateModified":"2022-11-25T11:23:57+00:00","mainEntityOfPage":{"@id":"https:\/\/coldwarmuseum.de\/opening-des-neuen-cold-war-museum-berlin\/"},"wordCount":766,"publisher":{"@id":"https:\/\/coldwarmuseum.de\/#organization"},"articleSection":["Presse","Presse"],"inLanguage":"es"},{"@type":"WebPage","@id":"https:\/\/coldwarmuseum.de\/opening-des-neuen-cold-war-museum-berlin\/","url":"https:\/\/coldwarmuseum.de\/opening-des-neuen-cold-war-museum-berlin\/","name":"Opening des neuen COLD WAR MUSEUM Berlin - COLD WAR MUSEUM Berlin","isPartOf":{"@id":"https:\/\/coldwarmuseum.de\/#website"},"datePublished":"2022-11-25T10:24:25+00:00","dateModified":"2022-11-25T11:23:57+00:00","breadcrumb":{"@id":"https:\/\/coldwarmuseum.de\/opening-des-neuen-cold-war-museum-berlin\/#breadcrumb"},"inLanguage":"es","potentialAction":[{"@type":"ReadAction","target":["https:\/\/coldwarmuseum.de\/opening-des-neuen-cold-war-museum-berlin\/"]}]},{"@type":"BreadcrumbList","@id":"https:\/\/coldwarmuseum.de\/opening-des-neuen-cold-war-museum-berlin\/#breadcrumb","itemListElement":[{"@type":"ListItem","position":1,"name":"Startseite","item":"https:\/\/coldwarmuseum.de\/"},{"@type":"ListItem","position":2,"name":"Opening des neuen COLD WAR MUSEUM Berlin"}]},{"@type":"WebSite","@id":"https:\/\/coldwarmuseum.de\/#website","url":"https:\/\/coldwarmuseum.de\/","name":"COLD WAR MUSEUM Berlin","description":"EXPERIENCE TWO SIDES OF THE SAME STORY.","publisher":{"@id":"https:\/\/coldwarmuseum.de\/#organization"},"potentialAction":[{"@type":"SearchAction","target":{"@type":"EntryPoint","urlTemplate":"https:\/\/coldwarmuseum.de\/?s={search_term_string}"},"query-input":"required name=search_term_string"}],"inLanguage":"es"},{"@type":"Organization","@id":"https:\/\/coldwarmuseum.de\/#organization","name":"COLD WAR MUSEUM","url":"https:\/\/coldwarmuseum.de\/","logo":{"@type":"ImageObject","inLanguage":"es","@id":"https:\/\/coldwarmuseum.de\/#\/schema\/logo\/image\/","url":"https:\/\/coldwarmuseum.de\/wp-content\/uploads\/ctmLogoDark.svg","contentUrl":"https:\/\/coldwarmuseum.de\/wp-content\/uploads\/ctmLogoDark.svg","width":167,"height":63,"caption":"COLD WAR MUSEUM"},"image":{"@id":"https:\/\/coldwarmuseum.de\/#\/schema\/logo\/image\/"},"sameAs":["https:\/\/www.facebook.com\/coldwarmuseum"]},{"@type":"Person","@id":"https:\/\/coldwarmuseum.de\/#\/schema\/person\/81fdd87451083922f22c21ec6a2c44ca","name":"tarek","sameAs":["https:\/\/coldwarmuseum.de"]}]}},"acf":[],"_links":{"self":[{"href":"https:\/\/coldwarmuseum.de\/es\/wp-json\/wp\/v2\/posts\/1759","targetHints":{"allow":["GET"]}}],"collection":[{"href":"https:\/\/coldwarmuseum.de\/es\/wp-json\/wp\/v2\/posts"}],"about":[{"href":"https:\/\/coldwarmuseum.de\/es\/wp-json\/wp\/v2\/types\/post"}],"author":[{"embeddable":true,"href":"https:\/\/coldwarmuseum.de\/es\/wp-json\/wp\/v2\/users\/1"}],"replies":[{"embeddable":true,"href":"https:\/\/coldwarmuseum.de\/es\/wp-json\/wp\/v2\/comments?post=1759"}],"version-history":[{"count":3,"href":"https:\/\/coldwarmuseum.de\/es\/wp-json\/wp\/v2\/posts\/1759\/revisions"}],"predecessor-version":[{"id":1783,"href":"https:\/\/coldwarmuseum.de\/es\/wp-json\/wp\/v2\/posts\/1759\/revisions\/1783"}],"wp:attachment":[{"href":"https:\/\/coldwarmuseum.de\/es\/wp-json\/wp\/v2\/media?parent=1759"}],"wp:term":[{"taxonomy":"category","embeddable":true,"href":"https:\/\/coldwarmuseum.de\/es\/wp-json\/wp\/v2\/categories?post=1759"},{"taxonomy":"post_tag","embeddable":true,"href":"https:\/\/coldwarmuseum.de\/es\/wp-json\/wp\/v2\/tags?post=1759"}],"curies":[{"name":"wp","href":"https:\/\/api.w.org\/{rel}","templated":true}]}}